{"id":18,"date":"2024-10-17T19:17:09","date_gmt":"2024-10-17T17:17:09","guid":{"rendered":"https:\/\/www.spankovecentrum.cz\/?p=18"},"modified":"2025-11-18T11:25:04","modified_gmt":"2025-11-18T10:25:04","slug":"vitejte-v-novem-projektu-prosimspinkej","status":"publish","type":"post","link":"https:\/\/www.spankovecentrum.cz\/?p=18","title":{"rendered":"V\u00edtejte v nov\u00e9m projektu Pros\u00edmspinkej"},"content":{"rendered":"\n<h2 class=\"wp-block-heading\">Tvo\u0159\u00edme pro v\u00e1s prvn\u00ed d\u011btsk\u00e9 a rodinn\u00e9 sp\u00e1nkove centrum<\/h2>\n\n\n\n<p>V roku 2025 jsme zrekonstruovali vnit\u0159n\u00ed \u010d\u00e1st sp\u00e1nkov\u00e9ho centra v roce 2026 pl\u00e1nujeme rekonstrukci st\u0159echy, fas\u00e1dy a parkovac\u00edho st\u00e1n\u00ed. V pohodov\u00e9m re\u017eimu budeme plnohodnotn\u011b fungovat u\u017e od jara 2026.<\/p>\n\n\n\n<hr class=\"wp-block-separator has-css-opacity\"\/>\n\n\n\n<p><\/p>\n\n\n\n<figure class=\"wp-block-gallery has-nested-images columns-2 is-cropped wp-block-gallery-1 is-layout-flex wp-block-gallery-is-layout-flex\">\n<figure class=\"wp-block-image size-large\"><img loading=\"lazy\" decoding=\"async\" width=\"534\" height=\"772\" data-id=\"25\" src=\"https:\/\/www.spankovecentrum.cz\/wp-content\/uploads\/2024\/10\/autor-Lenka-Medvecova.png\" alt=\"\" class=\"wp-image-25\" srcset=\"https:\/\/www.spankovecentrum.cz\/wp-content\/uploads\/2024\/10\/autor-Lenka-Medvecova.png 534w, https:\/\/www.spankovecentrum.cz\/wp-content\/uploads\/2024\/10\/autor-Lenka-Medvecova-208x300.png 208w\" sizes=\"(max-width: 534px) 100vw, 534px\" \/><\/figure>\n<\/figure>\n\n\n\n<p><\/p>\n\n\n\n<figure class=\"wp-block-image alignfull size-large\"><a href=\"https:\/\/eshop.prosimspinkej.cz\/\"><img loading=\"lazy\" decoding=\"async\" width=\"1024\" height=\"578\" src=\"https:\/\/www.spankovecentrum.cz\/wp-content\/uploads\/2024\/10\/knihy-PS-Iva-1024x578.jpg\" alt=\"\" class=\"wp-image-24\" srcset=\"https:\/\/www.spankovecentrum.cz\/wp-content\/uploads\/2024\/10\/knihy-PS-Iva-1024x578.jpg 1024w, https:\/\/www.spankovecentrum.cz\/wp-content\/uploads\/2024\/10\/knihy-PS-Iva-300x169.jpg 300w, https:\/\/www.spankovecentrum.cz\/wp-content\/uploads\/2024\/10\/knihy-PS-Iva-768x433.jpg 768w, https:\/\/www.spankovecentrum.cz\/wp-content\/uploads\/2024\/10\/knihy-PS-Iva-1536x866.jpg 1536w, https:\/\/www.spankovecentrum.cz\/wp-content\/uploads\/2024\/10\/knihy-PS-Iva-2048x1155.jpg 2048w\" sizes=\"(max-width: 1024px) 100vw, 1024px\" \/><\/a><\/figure>\n\n\n\n<p><\/p>\n\n\n\n<figure class=\"wp-block-gallery alignwide has-nested-images columns-default is-cropped wp-block-gallery-2 is-layout-flex wp-block-gallery-is-layout-flex\"><\/figure>\n\n\n\n<p><\/p>\n\n\n\n<figure class=\"wp-block-embed alignwide is-type-video is-provider-vimeo wp-block-embed-vimeo\"><div class=\"wp-block-embed__wrapper\">\nhttps:\/\/www.youtube.com\/watch?v=fJn4UwxsDZM\n<\/div><\/figure>\n\n\n\n<p><\/p>\n\n\n\n<p class=\"has-text-align-center\"><\/p>\n\n\n\n<p class=\"has-text-align-center\">\ud83d\udc4b<\/p>\n","protected":false},"excerpt":{"rendered":"<p>Tvo\u0159\u00edme pro v\u00e1s prvn\u00ed d\u011btsk\u00e9 a rodinn\u00e9 sp\u00e1nkove centrum V roku 2025 jsme zrekonstruovali vnit\u0159n\u00ed \u010d\u00e1st sp\u00e1nkov\u00e9ho centra v roce 2026 pl\u00e1nujeme rekonstrukci st\u0159echy, fas\u00e1dy a parkovac\u00edho st\u00e1n\u00ed. V pohodov\u00e9m re\u017eimu budeme plnohodnotn\u011b fungovat u\u017e od jara 2026. \ud83d\udc4b<\/p>\n","protected":false},"author":1,"featured_media":41,"comment_status":"open","ping_status":"open","sticky":false,"template":"","format":"standard","meta":{"_monsterinsights_skip_tracking":false,"_monsterinsights_sitenote_active":false,"_monsterinsights_sitenote_note":"","_monsterinsights_sitenote_category":0,"footnotes":""},"categories":[1],"tags":[],"class_list":["post-18","post","type-post","status-publish","format-standard","has-post-thumbnail","hentry","category-nezarazene"],"yoast_head":"<!-- This site is optimized with the Yoast SEO plugin v23.6 - https:\/\/yoast.com\/wordpress\/plugins\/seo\/ -->\n<title>V\u00edtejte v nov\u00e9m projektu Pros\u00edmspinkej - Sp\u00e1nkov\u00e9 centrum Luha\u010dovice<\/title>\n<meta name=\"robots\" content=\"index, follow, max-snippet:-1, max-image-preview:large, max-video-preview:-1\" \/>\n<link rel=\"canonical\" href=\"https:\/\/www.spankovecentrum.cz\/?p=18\" \/>\n<meta property=\"og:locale\" content=\"cs_CZ\" \/>\n<meta property=\"og:type\" content=\"article\" \/>\n<meta property=\"og:title\" content=\"V\u00edtejte v nov\u00e9m projektu Pros\u00edmspinkej - Sp\u00e1nkov\u00e9 centrum Luha\u010dovice\" \/>\n<meta property=\"og:description\" content=\"Tvo\u0159\u00edme pro v\u00e1s prvn\u00ed d\u011btsk\u00e9 a rodinn\u00e9 sp\u00e1nkove centrum V roku 2025 jsme zrekonstruovali vnit\u0159n\u00ed \u010d\u00e1st sp\u00e1nkov\u00e9ho centra v roce 2026 pl\u00e1nujeme rekonstrukci st\u0159echy, fas\u00e1dy a parkovac\u00edho st\u00e1n\u00ed. V pohodov\u00e9m re\u017eimu budeme plnohodnotn\u011b fungovat u\u017e od jara 2026. \ud83d\udc4b\" \/>\n<meta property=\"og:url\" content=\"https:\/\/www.spankovecentrum.cz\/?p=18\" \/>\n<meta property=\"og:site_name\" content=\"Sp\u00e1nkov\u00e9 centrum Luha\u010dovice\" \/>\n<meta property=\"article:published_time\" content=\"2024-10-17T17:17:09+00:00\" \/>\n<meta property=\"article:modified_time\" content=\"2025-11-18T10:25:04+00:00\" \/>\n<meta property=\"og:image\" content=\"https:\/\/www.spankovecentrum.cz\/wp-content\/uploads\/2024\/10\/image-2.jpg\" \/>\n\t<meta property=\"og:image:width\" content=\"1024\" \/>\n\t<meta property=\"og:image:height\" content=\"1024\" \/>\n\t<meta property=\"og:image:type\" content=\"image\/jpeg\" \/>\n<meta name=\"author\" content=\"SC1\" \/>\n<meta name=\"twitter:card\" content=\"summary_large_image\" \/>\n<meta name=\"twitter:label1\" content=\"Napsal(a)\" \/>\n\t<meta name=\"twitter:data1\" content=\"SC1\" \/>\n\t<meta name=\"twitter:label2\" content=\"Odhadovan\u00e1 doba \u010dten\u00ed\" \/>\n\t<meta name=\"twitter:data2\" content=\"1 minuta\" \/>\n<script type=\"application\/ld+json\" class=\"yoast-schema-graph\">{\"@context\":\"https:\/\/schema.org\",\"@graph\":[{\"@type\":\"Article\",\"@id\":\"https:\/\/www.spankovecentrum.cz\/?p=18#article\",\"isPartOf\":{\"@id\":\"https:\/\/www.spankovecentrum.cz\/?p=18\"},\"author\":{\"name\":\"SC1\",\"@id\":\"https:\/\/www.spankovecentrum.cz\/#\/schema\/person\/4d8901e94a92fa1ce15ebcfb3fcd59da\"},\"headline\":\"V\u00edtejte v nov\u00e9m projektu Pros\u00edmspinkej\",\"datePublished\":\"2024-10-17T17:17:09+00:00\",\"dateModified\":\"2025-11-18T10:25:04+00:00\",\"mainEntityOfPage\":{\"@id\":\"https:\/\/www.spankovecentrum.cz\/?p=18\"},\"wordCount\":65,\"commentCount\":0,\"publisher\":{\"@id\":\"https:\/\/www.spankovecentrum.cz\/#organization\"},\"image\":{\"@id\":\"https:\/\/www.spankovecentrum.cz\/?p=18#primaryimage\"},\"thumbnailUrl\":\"https:\/\/www.spankovecentrum.cz\/wp-content\/uploads\/2024\/10\/image-2.jpg\",\"inLanguage\":\"cs\",\"potentialAction\":[{\"@type\":\"CommentAction\",\"name\":\"Comment\",\"target\":[\"https:\/\/www.spankovecentrum.cz\/?p=18#respond\"]}]},{\"@type\":\"WebPage\",\"@id\":\"https:\/\/www.spankovecentrum.cz\/?p=18\",\"url\":\"https:\/\/www.spankovecentrum.cz\/?p=18\",\"name\":\"V\u00edtejte v nov\u00e9m projektu Pros\u00edmspinkej - Sp\u00e1nkov\u00e9 centrum Luha\u010dovice\",\"isPartOf\":{\"@id\":\"https:\/\/www.spankovecentrum.cz\/#website\"},\"primaryImageOfPage\":{\"@id\":\"https:\/\/www.spankovecentrum.cz\/?p=18#primaryimage\"},\"image\":{\"@id\":\"https:\/\/www.spankovecentrum.cz\/?p=18#primaryimage\"},\"thumbnailUrl\":\"https:\/\/www.spankovecentrum.cz\/wp-content\/uploads\/2024\/10\/image-2.jpg\",\"datePublished\":\"2024-10-17T17:17:09+00:00\",\"dateModified\":\"2025-11-18T10:25:04+00:00\",\"breadcrumb\":{\"@id\":\"https:\/\/www.spankovecentrum.cz\/?p=18#breadcrumb\"},\"inLanguage\":\"cs\",\"potentialAction\":[{\"@type\":\"ReadAction\",\"target\":[\"https:\/\/www.spankovecentrum.cz\/?p=18\"]}]},{\"@type\":\"ImageObject\",\"inLanguage\":\"cs\",\"@id\":\"https:\/\/www.spankovecentrum.cz\/?p=18#primaryimage\",\"url\":\"https:\/\/www.spankovecentrum.cz\/wp-content\/uploads\/2024\/10\/image-2.jpg\",\"contentUrl\":\"https:\/\/www.spankovecentrum.cz\/wp-content\/uploads\/2024\/10\/image-2.jpg\",\"width\":1024,\"height\":1024},{\"@type\":\"BreadcrumbList\",\"@id\":\"https:\/\/www.spankovecentrum.cz\/?p=18#breadcrumb\",\"itemListElement\":[{\"@type\":\"ListItem\",\"position\":1,\"name\":\"Home\",\"item\":\"https:\/\/www.spankovecentrum.cz\/\"},{\"@type\":\"ListItem\",\"position\":2,\"name\":\"V\u00edtejte v nov\u00e9m projektu Pros\u00edmspinkej\"}]},{\"@type\":\"WebSite\",\"@id\":\"https:\/\/www.spankovecentrum.cz\/#website\",\"url\":\"https:\/\/www.spankovecentrum.cz\/\",\"name\":\"Sp\u00e1nkov\u00e9 centrum Luha\u010dovice\",\"description\":\"Pros\u00edmspinkej pro v\u00e1s p\u0159ipravuje nov\u00e9 prostory\",\"publisher\":{\"@id\":\"https:\/\/www.spankovecentrum.cz\/#organization\"},\"potentialAction\":[{\"@type\":\"SearchAction\",\"target\":{\"@type\":\"EntryPoint\",\"urlTemplate\":\"https:\/\/www.spankovecentrum.cz\/?s={search_term_string}\"},\"query-input\":{\"@type\":\"PropertyValueSpecification\",\"valueRequired\":true,\"valueName\":\"search_term_string\"}}],\"inLanguage\":\"cs\"},{\"@type\":\"Organization\",\"@id\":\"https:\/\/www.spankovecentrum.cz\/#organization\",\"name\":\"Sp\u00e1nkov\u00e9 centrum Luha\u010dovice\",\"url\":\"https:\/\/www.spankovecentrum.cz\/\",\"logo\":{\"@type\":\"ImageObject\",\"inLanguage\":\"cs\",\"@id\":\"https:\/\/www.spankovecentrum.cz\/#\/schema\/logo\/image\/\",\"url\":\"https:\/\/www.spankovecentrum.cz\/wp-content\/uploads\/2024\/10\/cropped-shoptet-logo-PS.jpg\",\"contentUrl\":\"https:\/\/www.spankovecentrum.cz\/wp-content\/uploads\/2024\/10\/cropped-shoptet-logo-PS.jpg\",\"width\":1574,\"height\":690,\"caption\":\"Sp\u00e1nkov\u00e9 centrum Luha\u010dovice\"},\"image\":{\"@id\":\"https:\/\/www.spankovecentrum.cz\/#\/schema\/logo\/image\/\"}},{\"@type\":\"Person\",\"@id\":\"https:\/\/www.spankovecentrum.cz\/#\/schema\/person\/4d8901e94a92fa1ce15ebcfb3fcd59da\",\"name\":\"SC1\",\"image\":{\"@type\":\"ImageObject\",\"inLanguage\":\"cs\",\"@id\":\"https:\/\/www.spankovecentrum.cz\/#\/schema\/person\/image\/\",\"url\":\"https:\/\/secure.gravatar.com\/avatar\/d7e27c47bb3bef44f861e025cf4a37f0?s=96&d=mm&r=g\",\"contentUrl\":\"https:\/\/secure.gravatar.com\/avatar\/d7e27c47bb3bef44f861e025cf4a37f0?s=96&d=mm&r=g\",\"caption\":\"SC1\"},\"sameAs\":[\"https:\/\/www.spankovecentrum.cz\"],\"url\":\"https:\/\/www.spankovecentrum.cz\/?author=1\"}]}<\/script>\n<!-- \/ Yoast SEO plugin. -->","yoast_head_json":{"title":"V\u00edtejte v nov\u00e9m projektu Pros\u00edmspinkej - Sp\u00e1nkov\u00e9 centrum Luha\u010dovice","robots":{"index":"index","follow":"follow","max-snippet":"max-snippet:-1","max-image-preview":"max-image-preview:large","max-video-preview":"max-video-preview:-1"},"canonical":"https:\/\/www.spankovecentrum.cz\/?p=18","og_locale":"cs_CZ","og_type":"article","og_title":"V\u00edtejte v nov\u00e9m projektu Pros\u00edmspinkej - Sp\u00e1nkov\u00e9 centrum Luha\u010dovice","og_description":"Tvo\u0159\u00edme pro v\u00e1s prvn\u00ed d\u011btsk\u00e9 a rodinn\u00e9 sp\u00e1nkove centrum V roku 2025 jsme zrekonstruovali vnit\u0159n\u00ed \u010d\u00e1st sp\u00e1nkov\u00e9ho centra v roce 2026 pl\u00e1nujeme rekonstrukci st\u0159echy, fas\u00e1dy a parkovac\u00edho st\u00e1n\u00ed. V pohodov\u00e9m re\u017eimu budeme plnohodnotn\u011b fungovat u\u017e od jara 2026. \ud83d\udc4b","og_url":"https:\/\/www.spankovecentrum.cz\/?p=18","og_site_name":"Sp\u00e1nkov\u00e9 centrum Luha\u010dovice","article_published_time":"2024-10-17T17:17:09+00:00","article_modified_time":"2025-11-18T10:25:04+00:00","og_image":[{"width":1024,"height":1024,"url":"https:\/\/www.spankovecentrum.cz\/wp-content\/uploads\/2024\/10\/image-2.jpg","type":"image\/jpeg"}],"author":"SC1","twitter_card":"summary_large_image","twitter_misc":{"Napsal(a)":"SC1","Odhadovan\u00e1 doba \u010dten\u00ed":"1 minuta"},"schema":{"@context":"https:\/\/schema.org","@graph":[{"@type":"Article","@id":"https:\/\/www.spankovecentrum.cz\/?p=18#article","isPartOf":{"@id":"https:\/\/www.spankovecentrum.cz\/?p=18"},"author":{"name":"SC1","@id":"https:\/\/www.spankovecentrum.cz\/#\/schema\/person\/4d8901e94a92fa1ce15ebcfb3fcd59da"},"headline":"V\u00edtejte v nov\u00e9m projektu Pros\u00edmspinkej","datePublished":"2024-10-17T17:17:09+00:00","dateModified":"2025-11-18T10:25:04+00:00","mainEntityOfPage":{"@id":"https:\/\/www.spankovecentrum.cz\/?p=18"},"wordCount":65,"commentCount":0,"publisher":{"@id":"https:\/\/www.spankovecentrum.cz\/#organization"},"image":{"@id":"https:\/\/www.spankovecentrum.cz\/?p=18#primaryimage"},"thumbnailUrl":"https:\/\/www.spankovecentrum.cz\/wp-content\/uploads\/2024\/10\/image-2.jpg","inLanguage":"cs","potentialAction":[{"@type":"CommentAction","name":"Comment","target":["https:\/\/www.spankovecentrum.cz\/?p=18#respond"]}]},{"@type":"WebPage","@id":"https:\/\/www.spankovecentrum.cz\/?p=18","url":"https:\/\/www.spankovecentrum.cz\/?p=18","name":"V\u00edtejte v nov\u00e9m projektu Pros\u00edmspinkej - Sp\u00e1nkov\u00e9 centrum Luha\u010dovice","isPartOf":{"@id":"https:\/\/www.spankovecentrum.cz\/#website"},"primaryImageOfPage":{"@id":"https:\/\/www.spankovecentrum.cz\/?p=18#primaryimage"},"image":{"@id":"https:\/\/www.spankovecentrum.cz\/?p=18#primaryimage"},"thumbnailUrl":"https:\/\/www.spankovecentrum.cz\/wp-content\/uploads\/2024\/10\/image-2.jpg","datePublished":"2024-10-17T17:17:09+00:00","dateModified":"2025-11-18T10:25:04+00:00","breadcrumb":{"@id":"https:\/\/www.spankovecentrum.cz\/?p=18#breadcrumb"},"inLanguage":"cs","potentialAction":[{"@type":"ReadAction","target":["https:\/\/www.spankovecentrum.cz\/?p=18"]}]},{"@type":"ImageObject","inLanguage":"cs","@id":"https:\/\/www.spankovecentrum.cz\/?p=18#primaryimage","url":"https:\/\/www.spankovecentrum.cz\/wp-content\/uploads\/2024\/10\/image-2.jpg","contentUrl":"https:\/\/www.spankovecentrum.cz\/wp-content\/uploads\/2024\/10\/image-2.jpg","width":1024,"height":1024},{"@type":"BreadcrumbList","@id":"https:\/\/www.spankovecentrum.cz\/?p=18#breadcrumb","itemListElement":[{"@type":"ListItem","position":1,"name":"Home","item":"https:\/\/www.spankovecentrum.cz\/"},{"@type":"ListItem","position":2,"name":"V\u00edtejte v nov\u00e9m projektu Pros\u00edmspinkej"}]},{"@type":"WebSite","@id":"https:\/\/www.spankovecentrum.cz\/#website","url":"https:\/\/www.spankovecentrum.cz\/","name":"Sp\u00e1nkov\u00e9 centrum Luha\u010dovice","description":"Pros\u00edmspinkej pro v\u00e1s p\u0159ipravuje nov\u00e9 prostory","publisher":{"@id":"https:\/\/www.spankovecentrum.cz\/#organization"},"potentialAction":[{"@type":"SearchAction","target":{"@type":"EntryPoint","urlTemplate":"https:\/\/www.spankovecentrum.cz\/?s={search_term_string}"},"query-input":{"@type":"PropertyValueSpecification","valueRequired":true,"valueName":"search_term_string"}}],"inLanguage":"cs"},{"@type":"Organization","@id":"https:\/\/www.spankovecentrum.cz\/#organization","name":"Sp\u00e1nkov\u00e9 centrum Luha\u010dovice","url":"https:\/\/www.spankovecentrum.cz\/","logo":{"@type":"ImageObject","inLanguage":"cs","@id":"https:\/\/www.spankovecentrum.cz\/#\/schema\/logo\/image\/","url":"https:\/\/www.spankovecentrum.cz\/wp-content\/uploads\/2024\/10\/cropped-shoptet-logo-PS.jpg","contentUrl":"https:\/\/www.spankovecentrum.cz\/wp-content\/uploads\/2024\/10\/cropped-shoptet-logo-PS.jpg","width":1574,"height":690,"caption":"Sp\u00e1nkov\u00e9 centrum Luha\u010dovice"},"image":{"@id":"https:\/\/www.spankovecentrum.cz\/#\/schema\/logo\/image\/"}},{"@type":"Person","@id":"https:\/\/www.spankovecentrum.cz\/#\/schema\/person\/4d8901e94a92fa1ce15ebcfb3fcd59da","name":"SC1","image":{"@type":"ImageObject","inLanguage":"cs","@id":"https:\/\/www.spankovecentrum.cz\/#\/schema\/person\/image\/","url":"https:\/\/secure.gravatar.com\/avatar\/d7e27c47bb3bef44f861e025cf4a37f0?s=96&d=mm&r=g","contentUrl":"https:\/\/secure.gravatar.com\/avatar\/d7e27c47bb3bef44f861e025cf4a37f0?s=96&d=mm&r=g","caption":"SC1"},"sameAs":["https:\/\/www.spankovecentrum.cz"],"url":"https:\/\/www.spankovecentrum.cz\/?author=1"}]}},"_links":{"self":[{"href":"https:\/\/www.spankovecentrum.cz\/index.php?rest_route=\/wp\/v2\/posts\/18","targetHints":{"allow":["GET"]}}],"collection":[{"href":"https:\/\/www.spankovecentrum.cz\/index.php?rest_route=\/wp\/v2\/posts"}],"about":[{"href":"https:\/\/www.spankovecentrum.cz\/index.php?rest_route=\/wp\/v2\/types\/post"}],"author":[{"embeddable":true,"href":"https:\/\/www.spankovecentrum.cz\/index.php?rest_route=\/wp\/v2\/users\/1"}],"replies":[{"embeddable":true,"href":"https:\/\/www.spankovecentrum.cz\/index.php?rest_route=%2Fwp%2Fv2%2Fcomments&post=18"}],"version-history":[{"count":3,"href":"https:\/\/www.spankovecentrum.cz\/index.php?rest_route=\/wp\/v2\/posts\/18\/revisions"}],"predecessor-version":[{"id":47,"href":"https:\/\/www.spankovecentrum.cz\/index.php?rest_route=\/wp\/v2\/posts\/18\/revisions\/47"}],"wp:featuredmedia":[{"embeddable":true,"href":"https:\/\/www.spankovecentrum.cz\/index.php?rest_route=\/wp\/v2\/media\/41"}],"wp:attachment":[{"href":"https:\/\/www.spankovecentrum.cz\/index.php?rest_route=%2Fwp%2Fv2%2Fmedia&parent=18"}],"wp:term":[{"taxonomy":"category","embeddable":true,"href":"https:\/\/www.spankovecentrum.cz\/index.php?rest_route=%2Fwp%2Fv2%2Fcategories&post=18"},{"taxonomy":"post_tag","embeddable":true,"href":"https:\/\/www.spankovecentrum.cz\/index.php?rest_route=%2Fwp%2Fv2%2Ftags&post=18"}],"curies":[{"name":"wp","href":"https:\/\/api.w.org\/{rel}","templated":true}]}}